{"id":60662,"date":"2026-03-10T22:51:16","date_gmt":"2026-03-10T22:51:16","guid":{"rendered":"https:\/\/municipalidaddenebaj.com\/?p=60662"},"modified":"2026-03-10T22:51:57","modified_gmt":"2026-03-10T22:51:57","slug":"conmemoracion-del-dia-internacional-de-la-mujer","status":"publish","type":"post","link":"https:\/\/municipalidaddenebaj.com\/?p=60662","title":{"rendered":"CONMEMORACI\u00d3N DEL D\u00cdA  INTERNACIONAL DE LA MUJER."},"content":{"rendered":"\t\t<div data-elementor-type=\"wp-post\" data-elementor-id=\"60662\" class=\"elementor elementor-60662\" data-elementor-settings=\"{&quot;ha_cmc_init_switcher&quot;:&quot;no&quot;}\">\n\t\t\t\t<div class=\"elementor-element elementor-element-3fc992a e-flex e-con-boxed e-con e-parent\" data-id=\"3fc992a\" data-element_type=\"container\" data-e-type=\"container\" data-settings=\"{&quot;_ha_eqh_enable&quot;:false}\">\n\t\t\t\t\t<div class=\"e-con-inner\">\n\t\t\t\t<div class=\"elementor-element elementor-element-3d95dcb3 elementor-widget elementor-widget-text-editor\" data-id=\"3d95dcb3\" data-element_type=\"widget\" data-e-type=\"widget\" data-widget_type=\"text-editor.default\">\n\t\t\t\t<div class=\"elementor-widget-container\">\n\t\t\t\t\t\t\t\t\t\n<h4 class=\"wp-block-heading\">Cuando las mujeres de Nebaj se re\u00fanen, florece la dignidad de nuestro pueblo. Este 9 de marzo vivimos una jornada llena de alegr\u00eda, reflexi\u00f3n y orgullo en la conmemoraci\u00f3n del D\u00eda Internacional de la Mujer en Nebaj.<\/h4>\n\n\n\n<h4 class=\"wp-block-heading\">Entre historias inspiradoras, arte, sonrisas y momentos de convivencia, reconocimos el valor de la mujer ixil, guardiana de nuestra cultura, fuerza de nuestras familias y motor del desarrollo de nuestras comunidades.<\/h4>\n\n\n\n<h4 class=\"wp-block-heading\">Este encuentro es tambi\u00e9n un gesto de respeto, dignidad y reconocimiento del Se\u00f1or Alcalde y del Concejo Municipal hacia todas las mujeres que cada d\u00eda construyen el presente y el futuro de Nebaj.<\/h4>\n\n\n\n<h4 class=\"wp-block-heading\">Las puertas de la Municipalidad est\u00e1n abiertas para que m\u00e1s mujeres participen, propongan y lideren el futuro de nuestro municipio.<\/h4>\n\n\n\n<h4 class=\"wp-block-heading\"><a href=\"https:\/\/www.facebook.com\/hashtag\/mujeresdenebaj?__eep__=6&amp;__cft__[0]=AZZET7_e_F-YGl_krJgR2CC5RrUz2us0qIwNDXoXNaDOQgGDIiKJXcpyYjFs9LpFcn61ZhpzS0WQUkmfNiuqAWuL6bwrvoiBMnJObzmBF989FbOJXHRi9yhBKjyx3RyvYEv9fJ0WYV8ocn9bEz6l6yeZQRqg2brfYWG2gFrbSARwLN6SoRll36B-OY1Du3jyiWo&amp;__tn__=*NK-R\">#MujeresDeNebaj<\/a><a href=\"https:\/\/www.facebook.com\/hashtag\/mujerixil?__eep__=6&amp;__cft__[0]=AZZET7_e_F-YGl_krJgR2CC5RrUz2us0qIwNDXoXNaDOQgGDIiKJXcpyYjFs9LpFcn61ZhpzS0WQUkmfNiuqAWuL6bwrvoiBMnJObzmBF989FbOJXHRi9yhBKjyx3RyvYEv9fJ0WYV8ocn9bEz6l6yeZQRqg2brfYWG2gFrbSARwLN6SoRll36B-OY1Du3jyiWo&amp;__tn__=*NK-R\">#MujerIxil<\/a><a href=\"https:\/\/www.facebook.com\/hashtag\/construyendofuturo?__eep__=6&amp;__cft__[0]=AZZET7_e_F-YGl_krJgR2CC5RrUz2us0qIwNDXoXNaDOQgGDIiKJXcpyYjFs9LpFcn61ZhpzS0WQUkmfNiuqAWuL6bwrvoiBMnJObzmBF989FbOJXHRi9yhBKjyx3RyvYEv9fJ0WYV8ocn9bEz6l6yeZQRqg2brfYWG2gFrbSARwLN6SoRll36B-OY1Du3jyiWo&amp;__tn__=*NK-R\">#ConstruyendoFuturo<\/a><\/h4>\n\n\n\n<iframe src=\"https:\/\/www.facebook.com\/plugins\/post.php?href=https%3A%2F%2Fwww.facebook.com%2Fpermalink.php%3Fstory_fbid%3Dpfbid0AEXt4DD2nK1jSqRMVBGrGAS9Tp2YrKtATe626uUY9w4c1X7xarUCJuFPYFAMmxxwl%26id%3D100064424092491&#038;show_text=true&#038;width=1700\" width=\"1700\" height=\"993\" style=\"border:none;overflow:hidden\" scrolling=\"no\" frameborder=\"0\" allowfullscreen=\"true\" allow=\"autoplay; clipboard-write; encrypted-media; picture-in-picture; web-share\"><\/iframe>\n\t\t\t\t\t\t\t\t<\/div>\n\t\t\t\t<\/div>\n\t\t\t\t\t<\/div>\n\t\t\t\t<\/div>\n\t\t\t\t<\/div>\n\t\t","protected":false},"excerpt":{"rendered":"<p>Cuando las mujeres de Nebaj se re\u00fanen, florece la dignidad de nuestro pueblo. Este 9&#8230;<\/p>\n","protected":false},"author":4,"featured_media":60663,"comment_status":"closed","ping_status":"open","sticky":false,"template":"","format":"standard","meta":{"_eb_attr":"","_monsterinsights_skip_tracking":false,"_monsterinsights_sitenote_active":false,"_monsterinsights_sitenote_note":"","_monsterinsights_sitenote_category":0,"footnotes":""},"categories":[1],"tags":[],"class_list":["post-60662","post","type-post","status-publish","format-standard","has-post-thumbnail","hentry","category-uncategorized"],"featured_image_urls":{"full":["https:\/\/municipalidaddenebaj.com\/wp-content\/uploads\/2026\/03\/650924856_1336148585209265_2073748824463821330_n.jpg",2048,1366,false],"thumbnail":["https:\/\/municipalidaddenebaj.com\/wp-content\/uploads\/2026\/03\/650924856_1336148585209265_2073748824463821330_n-400x400.jpg",400,400,true],"medium":["https:\/\/municipalidaddenebaj.com\/wp-content\/uploads\/2026\/03\/650924856_1336148585209265_2073748824463821330_n-594x396.jpg",594,396,true],"medium_large":["https:\/\/municipalidaddenebaj.com\/wp-content\/uploads\/2026\/03\/650924856_1336148585209265_2073748824463821330_n-768x512.jpg",640,427,true],"large":["https:\/\/municipalidaddenebaj.com\/wp-content\/uploads\/2026\/03\/650924856_1336148585209265_2073748824463821330_n-510x340.jpg",510,340,true],"ezd_searrch_thumb16x16":["https:\/\/municipalidaddenebaj.com\/wp-content\/uploads\/2026\/03\/650924856_1336148585209265_2073748824463821330_n-16x16.jpg",16,16,true],"ezd_searrch_thumb50x50":["https:\/\/municipalidaddenebaj.com\/wp-content\/uploads\/2026\/03\/650924856_1336148585209265_2073748824463821330_n-50x50.jpg",50,50,true],"1536x1536":["https:\/\/municipalidaddenebaj.com\/wp-content\/uploads\/2026\/03\/650924856_1336148585209265_2073748824463821330_n-1536x1025.jpg",1536,1025,true],"2048x2048":["https:\/\/municipalidaddenebaj.com\/wp-content\/uploads\/2026\/03\/650924856_1336148585209265_2073748824463821330_n.jpg",2048,1366,false],"covernews-featured":["https:\/\/municipalidaddenebaj.com\/wp-content\/uploads\/2026\/03\/650924856_1336148585209265_2073748824463821330_n.jpg",1024,683,false],"covernews-medium":["https:\/\/municipalidaddenebaj.com\/wp-content\/uploads\/2026\/03\/650924856_1336148585209265_2073748824463821330_n.jpg",510,340,false],"woocommerce_thumbnail":["https:\/\/municipalidaddenebaj.com\/wp-content\/uploads\/2026\/03\/650924856_1336148585209265_2073748824463821330_n-300x300.jpg",300,300,true],"woocommerce_single":["https:\/\/municipalidaddenebaj.com\/wp-content\/uploads\/2026\/03\/650924856_1336148585209265_2073748824463821330_n-600x400.jpg",600,400,true],"woocommerce_gallery_thumbnail":["https:\/\/municipalidaddenebaj.com\/wp-content\/uploads\/2026\/03\/650924856_1336148585209265_2073748824463821330_n-100x100.jpg",100,100,true]},"author_info":{"display_name":"Editor","author_link":"https:\/\/municipalidaddenebaj.com\/?author=4"},"category_info":"<a href=\"https:\/\/municipalidaddenebaj.com\/?cat=1\" rel=\"category\">Uncategorized<\/a>","tag_info":"Uncategorized","comment_count":"0","_links":{"self":[{"href":"https:\/\/municipalidaddenebaj.com\/index.php?rest_route=\/wp\/v2\/posts\/60662","targetHints":{"allow":["GET"]}}],"collection":[{"href":"https:\/\/municipalidaddenebaj.com\/index.php?rest_route=\/wp\/v2\/posts"}],"about":[{"href":"https:\/\/municipalidaddenebaj.com\/index.php?rest_route=\/wp\/v2\/types\/post"}],"author":[{"embeddable":true,"href":"https:\/\/municipalidaddenebaj.com\/index.php?rest_route=\/wp\/v2\/users\/4"}],"replies":[{"embeddable":true,"href":"https:\/\/municipalidaddenebaj.com\/index.php?rest_route=%2Fwp%2Fv2%2Fcomments&post=60662"}],"version-history":[{"count":0,"href":"https:\/\/municipalidaddenebaj.com\/index.php?rest_route=\/wp\/v2\/posts\/60662\/revisions"}],"wp:featuredmedia":[{"embeddable":true,"href":"https:\/\/municipalidaddenebaj.com\/index.php?rest_route=\/wp\/v2\/media\/60663"}],"wp:attachment":[{"href":"https:\/\/municipalidaddenebaj.com\/index.php?rest_route=%2Fwp%2Fv2%2Fmedia&parent=60662"}],"wp:term":[{"taxonomy":"category","embeddable":true,"href":"https:\/\/municipalidaddenebaj.com\/index.php?rest_route=%2Fwp%2Fv2%2Fcategories&post=60662"},{"taxonomy":"post_tag","embeddable":true,"href":"https:\/\/municipalidaddenebaj.com\/index.php?rest_route=%2Fwp%2Fv2%2Ftags&post=60662"}],"curies":[{"name":"wp","href":"https:\/\/api.w.org\/{rel}","templated":true}]}}