{"id":61067,"date":"2026-03-16T21:16:47","date_gmt":"2026-03-16T21:16:47","guid":{"rendered":"https:\/\/municipalidaddenebaj.com\/?p=61067"},"modified":"2026-03-16T21:18:43","modified_gmt":"2026-03-16T21:18:43","slug":"entrega-de-15726-raciones-de-asistencia-alimentaria","status":"publish","type":"post","link":"https:\/\/municipalidaddenebaj.com\/?p=61067","title":{"rendered":"ENTREGA DE 15,726 RACIONES DE ASISTENCIA  ALIMENTARIA."},"content":{"rendered":"\t\t<div data-elementor-type=\"wp-post\" data-elementor-id=\"61067\" class=\"elementor elementor-61067\" data-elementor-settings=\"{&quot;ha_cmc_init_switcher&quot;:&quot;no&quot;}\">\n\t\t\t\t<div class=\"elementor-element elementor-element-50041ce7 e-flex e-con-boxed e-con e-parent\" data-id=\"50041ce7\" data-element_type=\"container\" data-e-type=\"container\" data-settings=\"{&quot;_ha_eqh_enable&quot;:false}\">\n\t\t\t\t\t<div class=\"e-con-inner\">\n\t\t\t\t<div class=\"elementor-element elementor-element-6df02cab elementor-widget elementor-widget-text-editor\" data-id=\"6df02cab\" data-element_type=\"widget\" data-e-type=\"widget\" data-widget_type=\"text-editor.default\">\n\t\t\t\t<div class=\"elementor-widget-container\">\n\t\t\t\t\t\t\t\t\t\n<h3 class=\"wp-block-heading\">El trabajo coordinado permite llevar apoyo a las familias de nuestro municipio.<\/h3>\n\n\n\n<h3 class=\"wp-block-heading\">La Municipalidad de Nebaj, a trav\u00e9s de la Comisi\u00f3n Municipal de Seguridad Alimentaria y Nutricional, (COMUSAN) contin\u00faa gestionando acciones que benefician a las familias del municipio, realizando la entrega de 15,726 raciones de asistencia alimentaria, que beneficiar\u00e1n a familias de 117 comunidades, fortaleciendo as\u00ed la seguridad alimentaria en el territorio.<\/h3>\n\n\n\n<h3 class=\"wp-block-heading\">Este esfuerzo se desarrolla en coordinaci\u00f3n con MAGA, SESAN, MIDES, VISAN, reafirmando el compromiso de trabajar unidos por el bienestar de la poblaci\u00f3n.<\/h3>\n\n\n\n<h3 class=\"wp-block-heading\">Seguimos <a href=\"https:\/\/www.facebook.com\/hashtag\/construyendofuturo?__eep__=6&amp;__cft__[0]=AZbWj_jTcnHdBKXnO4iJUiVx-KL7UPP1G_WsrdMQ5Y6miirWGvyG0EGChhHVuU4pu9y8C8tt7DRaAjkhCBcI3dduO1FQPNbwE2KRyML2UrAopcyZQsvYVluxv31O4g3zDl3aD0vFSvr_OPlYU4ASOIT7g5uG9hc5vC8FHl2BIEi0GC3SY6zwQWkSva8ywPjhwak&amp;__tn__=*NK-R\">#ConstruyendoFuturo<\/a><\/h3>\n\n\n\n<h3 class=\"wp-block-heading\"><\/h3>\n\n\n\n<iframe src=\"https:\/\/www.facebook.com\/plugins\/post.php?href=https%3A%2F%2Fwww.facebook.com%2Fpermalink.php%3Fstory_fbid%3Dpfbid02XoRmGzX9mhZQb9uAYKcsEn45iuSpYLYLgUPjeZWgbqL8AfWbNvBFuLEvhQPVwUJ7l%26id%3D100064424092491&#038;show_text=true&#038;width=1700\" width=\"1700\" height=\"993\" style=\"border:none;overflow:hidden\" scrolling=\"no\" frameborder=\"0\" allowfullscreen=\"true\" allow=\"autoplay; clipboard-write; encrypted-media; picture-in-picture; web-share\"><\/iframe>\n\n\n\n<p><\/p>\n\t\t\t\t\t\t\t\t<\/div>\n\t\t\t\t<\/div>\n\t\t\t\t\t<\/div>\n\t\t\t\t<\/div>\n\t\t\t\t<\/div>\n\t\t","protected":false},"excerpt":{"rendered":"<p>El trabajo coordinado permite llevar apoyo a las familias de nuestro municipio. La Municipalidad de&#8230;<\/p>\n","protected":false},"author":4,"featured_media":61072,"comment_status":"closed","ping_status":"open","sticky":false,"template":"","format":"standard","meta":{"_eb_attr":"","_monsterinsights_skip_tracking":false,"_monsterinsights_sitenote_active":false,"_monsterinsights_sitenote_note":"","_monsterinsights_sitenote_category":0,"footnotes":""},"categories":[1],"tags":[],"class_list":["post-61067","post","type-post","status-publish","format-standard","has-post-thumbnail","hentry","category-uncategorized"],"featured_image_urls":{"full":["https:\/\/municipalidaddenebaj.com\/wp-content\/uploads\/2026\/03\/650621542_1338466351644155_5171391343674243457_n-1.jpg",2048,1366,false],"thumbnail":["https:\/\/municipalidaddenebaj.com\/wp-content\/uploads\/2026\/03\/650621542_1338466351644155_5171391343674243457_n-1.jpg",400,267,false],"medium":["https:\/\/municipalidaddenebaj.com\/wp-content\/uploads\/2026\/03\/650621542_1338466351644155_5171391343674243457_n-1.jpg",594,396,false],"medium_large":["https:\/\/municipalidaddenebaj.com\/wp-content\/uploads\/2026\/03\/650621542_1338466351644155_5171391343674243457_n-1.jpg",640,427,false],"large":["https:\/\/municipalidaddenebaj.com\/wp-content\/uploads\/2026\/03\/650621542_1338466351644155_5171391343674243457_n-1.jpg",510,340,false],"ezd_searrch_thumb16x16":["https:\/\/municipalidaddenebaj.com\/wp-content\/uploads\/2026\/03\/650621542_1338466351644155_5171391343674243457_n-1.jpg",16,11,false],"ezd_searrch_thumb50x50":["https:\/\/municipalidaddenebaj.com\/wp-content\/uploads\/2026\/03\/650621542_1338466351644155_5171391343674243457_n-1.jpg",50,33,false],"1536x1536":["https:\/\/municipalidaddenebaj.com\/wp-content\/uploads\/2026\/03\/650621542_1338466351644155_5171391343674243457_n-1.jpg",1536,1025,false],"2048x2048":["https:\/\/municipalidaddenebaj.com\/wp-content\/uploads\/2026\/03\/650621542_1338466351644155_5171391343674243457_n-1.jpg",2048,1366,false],"covernews-featured":["https:\/\/municipalidaddenebaj.com\/wp-content\/uploads\/2026\/03\/650621542_1338466351644155_5171391343674243457_n-1.jpg",1024,683,false],"covernews-medium":["https:\/\/municipalidaddenebaj.com\/wp-content\/uploads\/2026\/03\/650621542_1338466351644155_5171391343674243457_n-1.jpg",510,340,false],"woocommerce_thumbnail":["https:\/\/municipalidaddenebaj.com\/wp-content\/uploads\/2026\/03\/650621542_1338466351644155_5171391343674243457_n-1-300x300.jpg",300,300,true],"woocommerce_single":["https:\/\/municipalidaddenebaj.com\/wp-content\/uploads\/2026\/03\/650621542_1338466351644155_5171391343674243457_n-1-600x400.jpg",600,400,true],"woocommerce_gallery_thumbnail":["https:\/\/municipalidaddenebaj.com\/wp-content\/uploads\/2026\/03\/650621542_1338466351644155_5171391343674243457_n-1-100x100.jpg",100,100,true]},"author_info":{"display_name":"Editor","author_link":"https:\/\/municipalidaddenebaj.com\/?author=4"},"category_info":"<a href=\"https:\/\/municipalidaddenebaj.com\/?cat=1\" rel=\"category\">Uncategorized<\/a>","tag_info":"Uncategorized","comment_count":"0","_links":{"self":[{"href":"https:\/\/municipalidaddenebaj.com\/index.php?rest_route=\/wp\/v2\/posts\/61067","targetHints":{"allow":["GET"]}}],"collection":[{"href":"https:\/\/municipalidaddenebaj.com\/index.php?rest_route=\/wp\/v2\/posts"}],"about":[{"href":"https:\/\/municipalidaddenebaj.com\/index.php?rest_route=\/wp\/v2\/types\/post"}],"author":[{"embeddable":true,"href":"https:\/\/municipalidaddenebaj.com\/index.php?rest_route=\/wp\/v2\/users\/4"}],"replies":[{"embeddable":true,"href":"https:\/\/municipalidaddenebaj.com\/index.php?rest_route=%2Fwp%2Fv2%2Fcomments&post=61067"}],"version-history":[{"count":0,"href":"https:\/\/municipalidaddenebaj.com\/index.php?rest_route=\/wp\/v2\/posts\/61067\/revisions"}],"wp:featuredmedia":[{"embeddable":true,"href":"https:\/\/municipalidaddenebaj.com\/index.php?rest_route=\/wp\/v2\/media\/61072"}],"wp:attachment":[{"href":"https:\/\/municipalidaddenebaj.com\/index.php?rest_route=%2Fwp%2Fv2%2Fmedia&parent=61067"}],"wp:term":[{"taxonomy":"category","embeddable":true,"href":"https:\/\/municipalidaddenebaj.com\/index.php?rest_route=%2Fwp%2Fv2%2Fcategories&post=61067"},{"taxonomy":"post_tag","embeddable":true,"href":"https:\/\/municipalidaddenebaj.com\/index.php?rest_route=%2Fwp%2Fv2%2Ftags&post=61067"}],"curies":[{"name":"wp","href":"https:\/\/api.w.org\/{rel}","templated":true}]}}