{"id":61080,"date":"2026-03-16T21:44:09","date_gmt":"2026-03-16T21:44:09","guid":{"rendered":"https:\/\/municipalidaddenebaj.com\/?p=61080"},"modified":"2026-03-16T21:45:16","modified_gmt":"2026-03-16T21:45:16","slug":"mejoramiento-camino-aldea-vi-al-vitz","status":"publish","type":"post","link":"https:\/\/municipalidaddenebaj.com\/?p=61080","title":{"rendered":"MEJORAMIENTO CAMINO ALDEA VI&#8217; AL VITZ"},"content":{"rendered":"\t\t<div data-elementor-type=\"wp-post\" data-elementor-id=\"61080\" class=\"elementor elementor-61080\" data-elementor-settings=\"{&quot;ha_cmc_init_switcher&quot;:&quot;no&quot;}\">\n\t\t\t\t<div class=\"elementor-element elementor-element-8b02ccf e-flex e-con-boxed e-con e-parent\" data-id=\"8b02ccf\" data-element_type=\"container\" data-e-type=\"container\" data-settings=\"{&quot;_ha_eqh_enable&quot;:false}\">\n\t\t\t\t\t<div class=\"e-con-inner\">\n\t\t\t\t<div class=\"elementor-element elementor-element-2f0291d5 elementor-widget elementor-widget-text-editor\" data-id=\"2f0291d5\" data-element_type=\"widget\" data-e-type=\"widget\" data-widget_type=\"text-editor.default\">\n\t\t\t\t<div class=\"elementor-widget-container\">\n\t\t\t\t\t\t\t\t\t\n<h4 class=\"wp-block-heading\">\u00a1Los caminos que conectan a nuestras comunidades tambi\u00e9n construyen desarrollo!<\/h4>\n\n\n\n<h4 class=\"wp-block-heading\">Contin\u00faan los avances en el mejoramiento del camino en la Aldea Vi&#8217; Uk&#8217;al Vitz, una obra que fortalecer\u00e1 la movilidad y brindar\u00e1 mejores condiciones de acceso para las familias de la comunidad.<\/h4>\n\n\n\n<h4 class=\"wp-block-heading\">Este trabajo refleja el firme compromiso del se\u00f1or Alcalde Municipal y su Honorable Concejo, quienes siguen impulsando proyectos que contribuyen al bienestar y progreso del municipio.<\/h4>\n\n\n\n<h4 class=\"wp-block-heading\">Seguimos <a href=\"https:\/\/www.facebook.com\/hashtag\/construyendofuturo?__eep__=6&amp;__cft__[0]=AZZXkrsSVdQev5u7eQnC2tfn96pbPtlJNdCrtLMJYObDhxw58-LeHqQORDcPz6PeO27oillCwTasXJPQcwo5WVI6E3TJ7wKJc1Ihvp2sQMBBdxQGads2JTDk5bQ3GYRR2H6DjY9HQ58mQlc2w4VaV2mWt-Di4TGFG15gd0Yv0g9jrqQ01BJNOG659oAXNoRhi3E&amp;__tn__=*NK-R\">#ConstruyendoFuturo<\/a><\/h4>\n\n\n\n<h4 class=\"wp-block-heading\"><\/h4>\n\n\n\n<iframe src=\"https:\/\/www.facebook.com\/plugins\/post.php?href=https%3A%2F%2Fwww.facebook.com%2Fpermalink.php%3Fstory_fbid%3Dpfbid0338p5RbBAgUJWxyo46rirocMaT7Fd7aBhnwyQ9vT2WuahR32C65UsH1kq31Q3NMgil%26id%3D100064424092491&#038;show_text=true&#038;width=1700\" width=\"1700\" height=\"993\" style=\"border:none;overflow:hidden\" scrolling=\"no\" frameborder=\"0\" allowfullscreen=\"true\" allow=\"autoplay; clipboard-write; encrypted-media; picture-in-picture; web-share\"><\/iframe>\n\t\t\t\t\t\t\t\t<\/div>\n\t\t\t\t<\/div>\n\t\t\t\t\t<\/div>\n\t\t\t\t<\/div>\n\t\t\t\t<\/div>\n\t\t","protected":false},"excerpt":{"rendered":"<p>\u00a1Los caminos que conectan a nuestras comunidades tambi\u00e9n construyen desarrollo! Contin\u00faan los avances en el&#8230;<\/p>\n","protected":false},"author":4,"featured_media":61081,"comment_status":"closed","ping_status":"open","sticky":false,"template":"","format":"standard","meta":{"_eb_attr":"","_monsterinsights_skip_tracking":false,"_monsterinsights_sitenote_active":false,"_monsterinsights_sitenote_note":"","_monsterinsights_sitenote_category":0,"footnotes":""},"categories":[1],"tags":[],"class_list":["post-61080","post","type-post","status-publish","format-standard","has-post-thumbnail","hentry","category-uncategorized"],"featured_image_urls":{"full":["https:\/\/municipalidaddenebaj.com\/wp-content\/uploads\/2026\/03\/651292230_1339145208242936_8913569277480078062_n.jpg",1280,720,false],"thumbnail":["https:\/\/municipalidaddenebaj.com\/wp-content\/uploads\/2026\/03\/651292230_1339145208242936_8913569277480078062_n-400x400.jpg",400,400,true],"medium":["https:\/\/municipalidaddenebaj.com\/wp-content\/uploads\/2026\/03\/651292230_1339145208242936_8913569277480078062_n-594x334.jpg",594,334,true],"medium_large":["https:\/\/municipalidaddenebaj.com\/wp-content\/uploads\/2026\/03\/651292230_1339145208242936_8913569277480078062_n-768x432.jpg",640,360,true],"large":["https:\/\/municipalidaddenebaj.com\/wp-content\/uploads\/2026\/03\/651292230_1339145208242936_8913569277480078062_n-510x287.jpg",510,287,true],"ezd_searrch_thumb16x16":["https:\/\/municipalidaddenebaj.com\/wp-content\/uploads\/2026\/03\/651292230_1339145208242936_8913569277480078062_n-16x16.jpg",16,16,true],"ezd_searrch_thumb50x50":["https:\/\/municipalidaddenebaj.com\/wp-content\/uploads\/2026\/03\/651292230_1339145208242936_8913569277480078062_n-50x50.jpg",50,50,true],"1536x1536":["https:\/\/municipalidaddenebaj.com\/wp-content\/uploads\/2026\/03\/651292230_1339145208242936_8913569277480078062_n.jpg",1280,720,false],"2048x2048":["https:\/\/municipalidaddenebaj.com\/wp-content\/uploads\/2026\/03\/651292230_1339145208242936_8913569277480078062_n.jpg",1280,720,false],"covernews-featured":["https:\/\/municipalidaddenebaj.com\/wp-content\/uploads\/2026\/03\/651292230_1339145208242936_8913569277480078062_n.jpg",1024,576,false],"covernews-medium":["https:\/\/municipalidaddenebaj.com\/wp-content\/uploads\/2026\/03\/651292230_1339145208242936_8913569277480078062_n.jpg",540,304,false],"woocommerce_thumbnail":["https:\/\/municipalidaddenebaj.com\/wp-content\/uploads\/2026\/03\/651292230_1339145208242936_8913569277480078062_n-300x300.jpg",300,300,true],"woocommerce_single":["https:\/\/municipalidaddenebaj.com\/wp-content\/uploads\/2026\/03\/651292230_1339145208242936_8913569277480078062_n-600x338.jpg",600,338,true],"woocommerce_gallery_thumbnail":["https:\/\/municipalidaddenebaj.com\/wp-content\/uploads\/2026\/03\/651292230_1339145208242936_8913569277480078062_n-100x100.jpg",100,100,true]},"author_info":{"display_name":"Editor","author_link":"https:\/\/municipalidaddenebaj.com\/?author=4"},"category_info":"<a href=\"https:\/\/municipalidaddenebaj.com\/?cat=1\" rel=\"category\">Uncategorized<\/a>","tag_info":"Uncategorized","comment_count":"0","_links":{"self":[{"href":"https:\/\/municipalidaddenebaj.com\/index.php?rest_route=\/wp\/v2\/posts\/61080","targetHints":{"allow":["GET"]}}],"collection":[{"href":"https:\/\/municipalidaddenebaj.com\/index.php?rest_route=\/wp\/v2\/posts"}],"about":[{"href":"https:\/\/municipalidaddenebaj.com\/index.php?rest_route=\/wp\/v2\/types\/post"}],"author":[{"embeddable":true,"href":"https:\/\/municipalidaddenebaj.com\/index.php?rest_route=\/wp\/v2\/users\/4"}],"replies":[{"embeddable":true,"href":"https:\/\/municipalidaddenebaj.com\/index.php?rest_route=%2Fwp%2Fv2%2Fcomments&post=61080"}],"version-history":[{"count":0,"href":"https:\/\/municipalidaddenebaj.com\/index.php?rest_route=\/wp\/v2\/posts\/61080\/revisions"}],"wp:featuredmedia":[{"embeddable":true,"href":"https:\/\/municipalidaddenebaj.com\/index.php?rest_route=\/wp\/v2\/media\/61081"}],"wp:attachment":[{"href":"https:\/\/municipalidaddenebaj.com\/index.php?rest_route=%2Fwp%2Fv2%2Fmedia&parent=61080"}],"wp:term":[{"taxonomy":"category","embeddable":true,"href":"https:\/\/municipalidaddenebaj.com\/index.php?rest_route=%2Fwp%2Fv2%2Fcategories&post=61080"},{"taxonomy":"post_tag","embeddable":true,"href":"https:\/\/municipalidaddenebaj.com\/index.php?rest_route=%2Fwp%2Fv2%2Ftags&post=61080"}],"curies":[{"name":"wp","href":"https:\/\/api.w.org\/{rel}","templated":true}]}}