{"id":65661,"date":"2026-04-29T14:34:36","date_gmt":"2026-04-29T14:34:36","guid":{"rendered":"https:\/\/municipalidaddenebaj.com\/?p=65661"},"modified":"2026-04-29T14:34:41","modified_gmt":"2026-04-29T14:34:41","slug":"promocion-de-la-escuela-de-formacion-artistica","status":"publish","type":"post","link":"https:\/\/municipalidaddenebaj.com\/?p=65661","title":{"rendered":"PROMOCI\u00d3N  DE LA ESCUELA DE FORMACI\u00d3N ART\u00cdSTICA."},"content":{"rendered":"\n<h4 class=\"wp-block-heading\">Impulsando el talento joven<\/h4>\n\n\n\n<h4 class=\"wp-block-heading\">La Municipalidad de Nebaj llev\u00f3 la promoci\u00f3n de la Escuela de Formaci\u00f3n Art\u00edstica al Instituto NUFED de la Aldea R\u00edo Azul, motivando a los j\u00f3venes a descubrir y desarrollar sus habilidades en el arte.<\/h4>\n\n\n\n<h4 class=\"wp-block-heading\">Una iniciativa que abre puertas a la creatividad y fortalece la participaci\u00f3n juvenil en nuestra comunidad.<\/h4>\n\n\n\n<h4 class=\"wp-block-heading\"><\/h4>\n\n\n\n<iframe src=\"https:\/\/www.facebook.com\/plugins\/post.php?href=https%3A%2F%2Fwww.facebook.com%2Fpermalink.php%3Fstory_fbid%3Dpfbid0uu9GaN6BF7MU7yNwXkyYrTnKi9JuG2xUmisSva8zFg3De84GA93eBLUqYPFsRCuml%26id%3D100064424092491&#038;show_text=true&#038;width=1700\" width=\"1700\" height=\"994\" style=\"border:none;overflow:hidden\" scrolling=\"no\" frameborder=\"0\" allowfullscreen=\"true\" allow=\"autoplay; clipboard-write; encrypted-media; picture-in-picture; web-share\"><\/iframe>\n","protected":false},"excerpt":{"rendered":"<p>Impulsando el talento joven La Municipalidad de Nebaj llev\u00f3 la promoci\u00f3n de la Escuela de&#8230;<\/p>\n","protected":false},"author":4,"featured_media":65662,"comment_status":"closed","ping_status":"open","sticky":false,"template":"","format":"standard","meta":{"_eb_attr":"","_monsterinsights_skip_tracking":false,"_monsterinsights_sitenote_active":false,"_monsterinsights_sitenote_note":"","_monsterinsights_sitenote_category":0,"footnotes":""},"categories":[1],"tags":[],"class_list":["post-65661","post","type-post","status-publish","format-standard","has-post-thumbnail","hentry","category-uncategorized"],"featured_image_urls":{"full":["https:\/\/municipalidaddenebaj.com\/wp-content\/uploads\/2026\/04\/680350485_1372650374892419_833921645840549306_n.jpg",2048,1153,false],"thumbnail":["https:\/\/municipalidaddenebaj.com\/wp-content\/uploads\/2026\/04\/680350485_1372650374892419_833921645840549306_n-400x400.jpg",400,400,true],"medium":["https:\/\/municipalidaddenebaj.com\/wp-content\/uploads\/2026\/04\/680350485_1372650374892419_833921645840549306_n-594x334.jpg",594,334,true],"medium_large":["https:\/\/municipalidaddenebaj.com\/wp-content\/uploads\/2026\/04\/680350485_1372650374892419_833921645840549306_n-768x432.jpg",640,360,true],"large":["https:\/\/municipalidaddenebaj.com\/wp-content\/uploads\/2026\/04\/680350485_1372650374892419_833921645840549306_n-510x287.jpg",510,287,true],"ezd_searrch_thumb16x16":["https:\/\/municipalidaddenebaj.com\/wp-content\/uploads\/2026\/04\/680350485_1372650374892419_833921645840549306_n-16x16.jpg",16,16,true],"ezd_searrch_thumb50x50":["https:\/\/municipalidaddenebaj.com\/wp-content\/uploads\/2026\/04\/680350485_1372650374892419_833921645840549306_n-50x50.jpg",50,50,true],"1536x1536":["https:\/\/municipalidaddenebaj.com\/wp-content\/uploads\/2026\/04\/680350485_1372650374892419_833921645840549306_n-1536x865.jpg",1536,865,true],"2048x2048":["https:\/\/municipalidaddenebaj.com\/wp-content\/uploads\/2026\/04\/680350485_1372650374892419_833921645840549306_n.jpg",2048,1153,false],"covernews-featured":["https:\/\/municipalidaddenebaj.com\/wp-content\/uploads\/2026\/04\/680350485_1372650374892419_833921645840549306_n-1024x577.jpg",1024,577,true],"covernews-medium":["https:\/\/municipalidaddenebaj.com\/wp-content\/uploads\/2026\/04\/680350485_1372650374892419_833921645840549306_n-540x340.jpg",540,340,true],"woocommerce_thumbnail":["https:\/\/municipalidaddenebaj.com\/wp-content\/uploads\/2026\/04\/680350485_1372650374892419_833921645840549306_n-300x300.jpg",300,300,true],"woocommerce_single":["https:\/\/municipalidaddenebaj.com\/wp-content\/uploads\/2026\/04\/680350485_1372650374892419_833921645840549306_n-600x338.jpg",600,338,true],"woocommerce_gallery_thumbnail":["https:\/\/municipalidaddenebaj.com\/wp-content\/uploads\/2026\/04\/680350485_1372650374892419_833921645840549306_n-100x100.jpg",100,100,true]},"author_info":{"display_name":"Editor","author_link":"https:\/\/municipalidaddenebaj.com\/?author=4"},"category_info":"<a href=\"https:\/\/municipalidaddenebaj.com\/?cat=1\" rel=\"category\">Uncategorized<\/a>","tag_info":"Uncategorized","comment_count":"0","_links":{"self":[{"href":"https:\/\/municipalidaddenebaj.com\/index.php?rest_route=\/wp\/v2\/posts\/65661","targetHints":{"allow":["GET"]}}],"collection":[{"href":"https:\/\/municipalidaddenebaj.com\/index.php?rest_route=\/wp\/v2\/posts"}],"about":[{"href":"https:\/\/municipalidaddenebaj.com\/index.php?rest_route=\/wp\/v2\/types\/post"}],"author":[{"embeddable":true,"href":"https:\/\/municipalidaddenebaj.com\/index.php?rest_route=\/wp\/v2\/users\/4"}],"replies":[{"embeddable":true,"href":"https:\/\/municipalidaddenebaj.com\/index.php?rest_route=%2Fwp%2Fv2%2Fcomments&post=65661"}],"version-history":[{"count":0,"href":"https:\/\/municipalidaddenebaj.com\/index.php?rest_route=\/wp\/v2\/posts\/65661\/revisions"}],"wp:featuredmedia":[{"embeddable":true,"href":"https:\/\/municipalidaddenebaj.com\/index.php?rest_route=\/wp\/v2\/media\/65662"}],"wp:attachment":[{"href":"https:\/\/municipalidaddenebaj.com\/index.php?rest_route=%2Fwp%2Fv2%2Fmedia&parent=65661"}],"wp:term":[{"taxonomy":"category","embeddable":true,"href":"https:\/\/municipalidaddenebaj.com\/index.php?rest_route=%2Fwp%2Fv2%2Fcategories&post=65661"},{"taxonomy":"post_tag","embeddable":true,"href":"https:\/\/municipalidaddenebaj.com\/index.php?rest_route=%2Fwp%2Fv2%2Ftags&post=65661"}],"curies":[{"name":"wp","href":"https:\/\/api.w.org\/{rel}","templated":true}]}}