{"id":65665,"date":"2026-04-29T20:51:37","date_gmt":"2026-04-29T20:51:37","guid":{"rendered":"https:\/\/municipalidaddenebaj.com\/?p=65665"},"modified":"2026-04-29T20:53:40","modified_gmt":"2026-04-29T20:53:40","slug":"reunion-con-lideres-comunitarios-2","status":"publish","type":"post","link":"https:\/\/municipalidaddenebaj.com\/?p=65665","title":{"rendered":"REUNI\u00d3N CON LIDERES COMUNITARIOS"},"content":{"rendered":"\t\t<div data-elementor-type=\"wp-post\" data-elementor-id=\"65665\" class=\"elementor elementor-65665\" data-elementor-settings=\"{&quot;ha_cmc_init_switcher&quot;:&quot;no&quot;}\">\n\t\t\t\t<div class=\"elementor-element elementor-element-4eb3a1c0 e-flex e-con-boxed e-con e-parent\" data-id=\"4eb3a1c0\" data-element_type=\"container\" data-e-type=\"container\" data-settings=\"{&quot;_ha_eqh_enable&quot;:false}\">\n\t\t\t\t\t<div class=\"e-con-inner\">\n\t\t\t\t<div class=\"elementor-element elementor-element-5dede085 elementor-widget elementor-widget-text-editor\" data-id=\"5dede085\" data-element_type=\"widget\" data-e-type=\"widget\" data-widget_type=\"text-editor.default\">\n\t\t\t\t<div class=\"elementor-widget-container\">\n\t\t\t\t\t\t\t\t\t\n<h4 class=\"wp-block-heading\">Desde temprano, cuando muchos a\u00fan comenzaban su d\u00eda\u2026 ya se estaba escuchando al pueblo.<\/h4>\n\n\n\n<h4 class=\"wp-block-heading\">Hoy lunes por la ma\u00f1ana, el se\u00f1or alcalde Municipal Ram\u00f3n Raymundo Ceto atendi\u00f3 con compromiso y cercan\u00eda las necesidades de las comunidades de Turansa y Xo&#8217;la&#8217;.<\/h4>\n\n\n\n<h4 class=\"wp-block-heading\">Con emoci\u00f3n y disposici\u00f3n, escuch\u00f3 cada planteamiento, reafirmando que cuando hay voluntad, el trabajo por la gente no se detiene.<\/h4>\n\n\n\n<h4 class=\"wp-block-heading\">Seguimos avanzando, de la mano de nuestras comunidades. <img  title=\"\" decoding=\"async\" height=\"16\" width=\"16\"  alt=\"1f91d REUNI\u00d3N CON LIDERES COMUNITARIOS\"  src=\"https:\/\/static.xx.fbcdn.net\/images\/emoji.php\/v9\/t64\/1\/16\/1f91d.png\"><\/h4>\n\n\n\n<h4 class=\"wp-block-heading\">Seguimos <a href=\"https:\/\/www.facebook.com\/hashtag\/construyendofuturo?__cft__[0]=AZZ6g1OnaKdtRHfDSGtdvvnCFojeXF5p2WALsjrswLGo3FogmWlAW3gIb7--xvVMSPFAdnc9nyjy8OWwEF8kuttI4GLKQlXgts2xauT97Qk46SizpSGfvbzlf30aul925mDuiZLh5ZFWYap45-eVGzxsZFIYgjCUU4OXYXDhKwpQWxaTNVVFZPrrmUHATHKKR0E&amp;__tn__=*NK-R\">#ConstruyendoFuturo<\/a><\/h4>\n\n\n\n<iframe src=\"https:\/\/www.facebook.com\/plugins\/post.php?href=https%3A%2F%2Fwww.facebook.com%2Fpermalink.php%3Fstory_fbid%3Dpfbid0tGtsDTkg4ZDTHCjipVVSVBWHUgbHBN6cBe8ovcx4bF2NURP4FCdsndzMpgJKhR5Gl%26id%3D100064424092491&#038;show_text=true&#038;width=1700\" width=\"1700\" height=\"993\" style=\"border:none;overflow:hidden\" scrolling=\"no\" frameborder=\"0\" allowfullscreen=\"true\" allow=\"autoplay; clipboard-write; encrypted-media; picture-in-picture; web-share\"><\/iframe>\n\t\t\t\t\t\t\t\t<\/div>\n\t\t\t\t<\/div>\n\t\t\t\t\t<\/div>\n\t\t\t\t<\/div>\n\t\t\t\t<\/div>\n\t\t","protected":false},"excerpt":{"rendered":"<p>Desde temprano, cuando muchos a\u00fan comenzaban su d\u00eda\u2026 ya se estaba escuchando al pueblo. Hoy&#8230;<\/p>\n","protected":false},"author":4,"featured_media":65666,"comment_status":"closed","ping_status":"open","sticky":false,"template":"","format":"standard","meta":{"_eb_attr":"","_monsterinsights_skip_tracking":false,"_monsterinsights_sitenote_active":false,"_monsterinsights_sitenote_note":"","_monsterinsights_sitenote_category":0,"footnotes":""},"categories":[1],"tags":[],"class_list":["post-65665","post","type-post","status-publish","format-standard","has-post-thumbnail","hentry","category-uncategorized"],"featured_image_urls":{"full":["https:\/\/municipalidaddenebaj.com\/wp-content\/uploads\/2026\/04\/680134992_1375015447989245_8725570762639416026_n.jpg",2048,1153,false],"thumbnail":["https:\/\/municipalidaddenebaj.com\/wp-content\/uploads\/2026\/04\/680134992_1375015447989245_8725570762639416026_n-400x400.jpg",400,400,true],"medium":["https:\/\/municipalidaddenebaj.com\/wp-content\/uploads\/2026\/04\/680134992_1375015447989245_8725570762639416026_n-594x334.jpg",594,334,true],"medium_large":["https:\/\/municipalidaddenebaj.com\/wp-content\/uploads\/2026\/04\/680134992_1375015447989245_8725570762639416026_n-768x432.jpg",640,360,true],"large":["https:\/\/municipalidaddenebaj.com\/wp-content\/uploads\/2026\/04\/680134992_1375015447989245_8725570762639416026_n-510x287.jpg",510,287,true],"ezd_searrch_thumb16x16":["https:\/\/municipalidaddenebaj.com\/wp-content\/uploads\/2026\/04\/680134992_1375015447989245_8725570762639416026_n-16x16.jpg",16,16,true],"ezd_searrch_thumb50x50":["https:\/\/municipalidaddenebaj.com\/wp-content\/uploads\/2026\/04\/680134992_1375015447989245_8725570762639416026_n-50x50.jpg",50,50,true],"1536x1536":["https:\/\/municipalidaddenebaj.com\/wp-content\/uploads\/2026\/04\/680134992_1375015447989245_8725570762639416026_n-1536x865.jpg",1536,865,true],"2048x2048":["https:\/\/municipalidaddenebaj.com\/wp-content\/uploads\/2026\/04\/680134992_1375015447989245_8725570762639416026_n.jpg",2048,1153,false],"covernews-featured":["https:\/\/municipalidaddenebaj.com\/wp-content\/uploads\/2026\/04\/680134992_1375015447989245_8725570762639416026_n-1024x577.jpg",1024,577,true],"covernews-medium":["https:\/\/municipalidaddenebaj.com\/wp-content\/uploads\/2026\/04\/680134992_1375015447989245_8725570762639416026_n-540x340.jpg",540,340,true],"woocommerce_thumbnail":["https:\/\/municipalidaddenebaj.com\/wp-content\/uploads\/2026\/04\/680134992_1375015447989245_8725570762639416026_n-300x300.jpg",300,300,true],"woocommerce_single":["https:\/\/municipalidaddenebaj.com\/wp-content\/uploads\/2026\/04\/680134992_1375015447989245_8725570762639416026_n-600x338.jpg",600,338,true],"woocommerce_gallery_thumbnail":["https:\/\/municipalidaddenebaj.com\/wp-content\/uploads\/2026\/04\/680134992_1375015447989245_8725570762639416026_n-100x100.jpg",100,100,true]},"author_info":{"display_name":"Editor","author_link":"https:\/\/municipalidaddenebaj.com\/?author=4"},"category_info":"<a href=\"https:\/\/municipalidaddenebaj.com\/?cat=1\" rel=\"category\">Uncategorized<\/a>","tag_info":"Uncategorized","comment_count":"0","_links":{"self":[{"href":"https:\/\/municipalidaddenebaj.com\/index.php?rest_route=\/wp\/v2\/posts\/65665","targetHints":{"allow":["GET"]}}],"collection":[{"href":"https:\/\/municipalidaddenebaj.com\/index.php?rest_route=\/wp\/v2\/posts"}],"about":[{"href":"https:\/\/municipalidaddenebaj.com\/index.php?rest_route=\/wp\/v2\/types\/post"}],"author":[{"embeddable":true,"href":"https:\/\/municipalidaddenebaj.com\/index.php?rest_route=\/wp\/v2\/users\/4"}],"replies":[{"embeddable":true,"href":"https:\/\/municipalidaddenebaj.com\/index.php?rest_route=%2Fwp%2Fv2%2Fcomments&post=65665"}],"version-history":[{"count":0,"href":"https:\/\/municipalidaddenebaj.com\/index.php?rest_route=\/wp\/v2\/posts\/65665\/revisions"}],"wp:featuredmedia":[{"embeddable":true,"href":"https:\/\/municipalidaddenebaj.com\/index.php?rest_route=\/wp\/v2\/media\/65666"}],"wp:attachment":[{"href":"https:\/\/municipalidaddenebaj.com\/index.php?rest_route=%2Fwp%2Fv2%2Fmedia&parent=65665"}],"wp:term":[{"taxonomy":"category","embeddable":true,"href":"https:\/\/municipalidaddenebaj.com\/index.php?rest_route=%2Fwp%2Fv2%2Fcategories&post=65665"},{"taxonomy":"post_tag","embeddable":true,"href":"https:\/\/municipalidaddenebaj.com\/index.php?rest_route=%2Fwp%2Fv2%2Ftags&post=65665"}],"curies":[{"name":"wp","href":"https:\/\/api.w.org\/{rel}","templated":true}]}}