{"id":65671,"date":"2026-04-29T20:57:43","date_gmt":"2026-04-29T20:57:43","guid":{"rendered":"https:\/\/municipalidaddenebaj.com\/?p=65671"},"modified":"2026-04-29T21:05:50","modified_gmt":"2026-04-29T21:05:50","slug":"reunion-con-lideres-comunitarios-de-la-aldea-rio-azul","status":"publish","type":"post","link":"https:\/\/municipalidaddenebaj.com\/?p=65671","title":{"rendered":"REUNI\u00d3N CON LIDERES COMUNITARIOS"},"content":{"rendered":"\t\t<div data-elementor-type=\"wp-post\" data-elementor-id=\"65671\" class=\"elementor elementor-65671\" data-elementor-settings=\"{&quot;ha_cmc_init_switcher&quot;:&quot;no&quot;}\">\n\t\t\t\t<div class=\"elementor-element elementor-element-582db93e e-flex e-con-boxed e-con e-parent\" data-id=\"582db93e\" data-element_type=\"container\" data-e-type=\"container\" data-settings=\"{&quot;_ha_eqh_enable&quot;:false}\">\n\t\t\t\t\t<div class=\"e-con-inner\">\n\t\t\t\t<div class=\"elementor-element elementor-element-325fbc09 elementor-widget elementor-widget-text-editor\" data-id=\"325fbc09\" data-element_type=\"widget\" data-e-type=\"widget\" data-widget_type=\"text-editor.default\">\n\t\t\t\t<div class=\"elementor-widget-container\">\n\t\t\t\t\t\t\t\t\t\n<h4 class=\"wp-block-heading\">Cuando un Pueblo es escuchado, nace la esperanza.<\/h4>\n\n\n\n<h4 class=\"wp-block-heading\">Esta ma\u00f1ana, luego de atender las Comunidades de Turansa y Xo&#8217;la&#8217;, el se\u00f1or Alcalde Municipal tambi\u00e9n recibi\u00f3 en el despacho a las autoridades de la Aldea R\u00edo Azul, quienes dieron a conocer distintas necesidades que afectan a su comunidad.<\/h4>\n\n\n\n<h4 class=\"wp-block-heading\">Con atenci\u00f3n, compromiso y cercan\u00eda, el se\u00f1or Alcalde escuch\u00f3 cada petici\u00f3n y reafirm\u00f3 su voluntad de buscar una pronta soluci\u00f3n, demostrando una vez m\u00e1s que el trabajo contin\u00faa de la mano del Pueblo y para el bienestar de todos.<\/h4>\n\n\n\n<iframe src=\"https:\/\/www.facebook.com\/plugins\/post.php?href=https%3A%2F%2Fwww.facebook.com%2Fpermalink.php%3Fstory_fbid%3Dpfbid02Whg2xGrcJKu6HaHLh6RKmT3SdyQVe9r2K2SPpkyDyxZcSE54X18MXzaXoXBMRt1jl%26id%3D100064424092491&#038;show_text=true&#038;width=1700\" width=\"1700\" height=\"993\" style=\"border:none;overflow:hidden\" scrolling=\"no\" frameborder=\"0\" allowfullscreen=\"true\" allow=\"autoplay; clipboard-write; encrypted-media; picture-in-picture; web-share\"><\/iframe>\n\t\t\t\t\t\t\t\t<\/div>\n\t\t\t\t<\/div>\n\t\t\t\t\t<\/div>\n\t\t\t\t<\/div>\n\t\t\t\t<\/div>\n\t\t","protected":false},"excerpt":{"rendered":"<p>Cuando un Pueblo es escuchado, nace la esperanza. Esta ma\u00f1ana, luego de atender las Comunidades&#8230;<\/p>\n","protected":false},"author":4,"featured_media":65672,"comment_status":"closed","ping_status":"open","sticky":false,"template":"","format":"standard","meta":{"_eb_attr":"","_monsterinsights_skip_tracking":false,"_monsterinsights_sitenote_active":false,"_monsterinsights_sitenote_note":"","_monsterinsights_sitenote_category":0,"footnotes":""},"categories":[1],"tags":[],"class_list":["post-65671","post","type-post","status-publish","format-standard","has-post-thumbnail","hentry","category-uncategorized"],"featured_image_urls":{"full":["https:\/\/municipalidaddenebaj.com\/wp-content\/uploads\/2026\/04\/679990847_1375170651307058_8232756788268344662_n.jpg",2048,1153,false],"thumbnail":["https:\/\/municipalidaddenebaj.com\/wp-content\/uploads\/2026\/04\/679990847_1375170651307058_8232756788268344662_n-400x400.jpg",400,400,true],"medium":["https:\/\/municipalidaddenebaj.com\/wp-content\/uploads\/2026\/04\/679990847_1375170651307058_8232756788268344662_n-594x334.jpg",594,334,true],"medium_large":["https:\/\/municipalidaddenebaj.com\/wp-content\/uploads\/2026\/04\/679990847_1375170651307058_8232756788268344662_n-768x432.jpg",640,360,true],"large":["https:\/\/municipalidaddenebaj.com\/wp-content\/uploads\/2026\/04\/679990847_1375170651307058_8232756788268344662_n-510x287.jpg",510,287,true],"ezd_searrch_thumb16x16":["https:\/\/municipalidaddenebaj.com\/wp-content\/uploads\/2026\/04\/679990847_1375170651307058_8232756788268344662_n-16x16.jpg",16,16,true],"ezd_searrch_thumb50x50":["https:\/\/municipalidaddenebaj.com\/wp-content\/uploads\/2026\/04\/679990847_1375170651307058_8232756788268344662_n-50x50.jpg",50,50,true],"1536x1536":["https:\/\/municipalidaddenebaj.com\/wp-content\/uploads\/2026\/04\/679990847_1375170651307058_8232756788268344662_n-1536x865.jpg",1536,865,true],"2048x2048":["https:\/\/municipalidaddenebaj.com\/wp-content\/uploads\/2026\/04\/679990847_1375170651307058_8232756788268344662_n.jpg",2048,1153,false],"covernews-featured":["https:\/\/municipalidaddenebaj.com\/wp-content\/uploads\/2026\/04\/679990847_1375170651307058_8232756788268344662_n-1024x577.jpg",1024,577,true],"covernews-medium":["https:\/\/municipalidaddenebaj.com\/wp-content\/uploads\/2026\/04\/679990847_1375170651307058_8232756788268344662_n-540x340.jpg",540,340,true],"woocommerce_thumbnail":["https:\/\/municipalidaddenebaj.com\/wp-content\/uploads\/2026\/04\/679990847_1375170651307058_8232756788268344662_n-300x300.jpg",300,300,true],"woocommerce_single":["https:\/\/municipalidaddenebaj.com\/wp-content\/uploads\/2026\/04\/679990847_1375170651307058_8232756788268344662_n-600x338.jpg",600,338,true],"woocommerce_gallery_thumbnail":["https:\/\/municipalidaddenebaj.com\/wp-content\/uploads\/2026\/04\/679990847_1375170651307058_8232756788268344662_n-100x100.jpg",100,100,true]},"author_info":{"display_name":"Editor","author_link":"https:\/\/municipalidaddenebaj.com\/?author=4"},"category_info":"<a href=\"https:\/\/municipalidaddenebaj.com\/?cat=1\" rel=\"category\">Uncategorized<\/a>","tag_info":"Uncategorized","comment_count":"0","_links":{"self":[{"href":"https:\/\/municipalidaddenebaj.com\/index.php?rest_route=\/wp\/v2\/posts\/65671","targetHints":{"allow":["GET"]}}],"collection":[{"href":"https:\/\/municipalidaddenebaj.com\/index.php?rest_route=\/wp\/v2\/posts"}],"about":[{"href":"https:\/\/municipalidaddenebaj.com\/index.php?rest_route=\/wp\/v2\/types\/post"}],"author":[{"embeddable":true,"href":"https:\/\/municipalidaddenebaj.com\/index.php?rest_route=\/wp\/v2\/users\/4"}],"replies":[{"embeddable":true,"href":"https:\/\/municipalidaddenebaj.com\/index.php?rest_route=%2Fwp%2Fv2%2Fcomments&post=65671"}],"version-history":[{"count":0,"href":"https:\/\/municipalidaddenebaj.com\/index.php?rest_route=\/wp\/v2\/posts\/65671\/revisions"}],"wp:featuredmedia":[{"embeddable":true,"href":"https:\/\/municipalidaddenebaj.com\/index.php?rest_route=\/wp\/v2\/media\/65672"}],"wp:attachment":[{"href":"https:\/\/municipalidaddenebaj.com\/index.php?rest_route=%2Fwp%2Fv2%2Fmedia&parent=65671"}],"wp:term":[{"taxonomy":"category","embeddable":true,"href":"https:\/\/municipalidaddenebaj.com\/index.php?rest_route=%2Fwp%2Fv2%2Fcategories&post=65671"},{"taxonomy":"post_tag","embeddable":true,"href":"https:\/\/municipalidaddenebaj.com\/index.php?rest_route=%2Fwp%2Fv2%2Ftags&post=65671"}],"curies":[{"name":"wp","href":"https:\/\/api.w.org\/{rel}","templated":true}]}}